{"id":5855,"date":"2021-09-01T19:45:16","date_gmt":"2021-09-01T17:45:16","guid":{"rendered":"https:\/\/zsokwidzyn.pl\/?p=5855"},"modified":"2021-09-01T19:47:35","modified_gmt":"2021-09-01T17:47:35","slug":"przemowienie-pani-dyrektor-na-rozpoczecie-roku-szkolnego-2021-2022","status":"publish","type":"post","link":"https:\/\/zsokwidzyn.pl\/index.php\/2021\/09\/01\/przemowienie-pani-dyrektor-na-rozpoczecie-roku-szkolnego-2021-2022\/","title":{"rendered":"Przem\u00f3wienie Pani Dyrektor na rozpocz\u0119cie roku szkolnego 2021\/2022"},"content":{"rendered":"<p style=\"text-align: justify;\">Szanowni Pa\u0144stwo, Drodzy Uczniowie, Nauczyciele i Pracownicy I Liceum Og\u00f3lnokszta\u0142c\u0105cego im. dr. W\u0142adys\u0142awa G\u0119bika dawnego Polskiego Gimnazjum w Kwidzynie.<\/p>\n<p style=\"text-align: justify;\">\u00a0Rozpoczynamy rok szkolny\u00a0 2021\/2022. Po okresie wakacyjnym, nadszed\u0142 czas na nauk\u0119 ale tak\u017ce na rozwijanie swoich zainteresowa\u0144, przyja\u017ani oraz odnoszenie sukces\u00f3w i pokonywanie trudno\u015bci.<\/p>\n<p style=\"text-align: justify;\">Drodzy uczniowie klas I. Bardzo dzi\u0119kuj\u0119 za wyb\u00f3r naszej szko\u0142y. Mam nadziej\u0119, \u017ce Wasze oczekiwania zostan\u0105 tutaj spe\u0142nione, a czas sp\u0119dzony w murach I LO uznacie za najlepszy w Waszym \u017cyciu.<\/p>\n<p style=\"text-align: justify;\">Uczniom klas II i III \u017cycz\u0119 samych dobrych dni w naszej szkole, poczucia spe\u0142nienia i zadowolenia, a tak\u017ce owocnej pracy w zdobywaniu nowej wiedzy.<\/p>\n<p style=\"text-align: justify;\">Drodzy Maturzy\u015bci przed Wami ostatni rok w naszej szkole. \u017bycz\u0119 Wam du\u017cej motywacji do pracy, sprostaniu wielu obowi\u0105zkom ale tak\u017ce rado\u015bci z dnia codziennego.<\/p>\n<p style=\"text-align: justify;\">Drodzy rodzice, \u017cycz\u0119 Wam spokoju i cierpliwo\u015bci oraz wielu powod\u00f3w do zadowolenia. Licz\u0119 na owocn\u0105 wsp\u00f3\u0142prac\u0119 a w tym trudnym czasie \u2013 na wsparcie. To od nas \u2013 nauczycieli i rodzic\u00f3w \u2013 zale\u017cy w g\u0142\u00f3wnej mierze bezpiecze\u0144stwo naszej m\u0142odzie\u017cy.<\/p>\n<p style=\"text-align: justify;\">Szanowni Nauczyciele i Pracownicy Szko\u0142y, \u017cycz\u0119 Wam satysfakcji z wykonywanej pracy i zadowolenia z jej efekt\u00f3w.<\/p>\n<p style=\"text-align: justify;\">Nowy rok szkolny to tak\u017ce czas wielu zmian w naszej szkole.<\/p>\n<p style=\"text-align: justify;\">\u017begnamy dzisiaj Pana Dyrektora Sebastiana Wi\u0119ckowskiego, kt\u00f3ry po 5 latach zako\u0144czy\u0142 swoj\u0105 kadencj\u0119 na tym stanowisku . Wszyscy dzisiaj chcemy podzi\u0119kowa\u0107 za te wsp\u00f3lne lata, za zaanga\u017cowanie, za trud w wype\u0142nianiu obowi\u0105zk\u00f3w ale tak\u017ce u\u015bmiech, dobre s\u0142owo i zrozumienie.<\/p>\n<p style=\"text-align: justify;\">\u017byczymy du\u017co satysfakcji w nowej pracy, rado\u015bci, pogody ducha oraz realizacji plan\u00f3w i spe\u0142nienia marze\u0144.<\/p>\n<p style=\"text-align: justify;\">W tym roku szkolny obowi\u0105zuje nas re\u017cim sanitarny, zatem\u00a0prosz\u0119\u00a0wszystkich o odpowiedzialno\u015b\u0107 i zrozumienie, przestrzeganie\u00a0procedur\u00a0i\u00a0stosowanie si\u0119 do zalece\u0144. Tylko to sprawi, \u017ce nasza szko\u0142a b\u0119dzie miejscem dla nas bezpiecznym i b\u0119dziemy mogli dobrze wykorzysta\u0107 ten rozpoczynaj\u0105cy si\u0119 rok szkolny.<\/p>\n<p style=\"text-align: justify;\"><strong>Jak powiedzia\u0142 Phil Bosmans \u201eBogactwem cz\u0142owieka s\u0105 u\u015bmiech, przyjazny gest, pogodne s\u0142owo\u201d .\u00a0 \u017bycz\u0119 nam wszystkim takiego bogactwa jak najwi\u0119cej.<\/strong><\/p>\n<p style=\"text-align: justify;\">\u00a0Dyrektor szko\u0142y,<\/p>\n<p style=\"text-align: justify;\">\u00a0mgr Joanna Po\u017aniak<\/p>\n<p>&nbsp;<\/p>\n<p><img loading=\"lazy\" decoding=\"async\" class=\"alignnone size-full wp-image-5856 aligncenter\" src=\"https:\/\/zsokwidzyn.pl\/wp-content\/uploads\/2021\/09\/Podziekowanie.jpeg\" alt=\"\" width=\"1700\" height=\"2338\" srcset=\"https:\/\/zsokwidzyn.pl\/wp-content\/uploads\/2021\/09\/Podziekowanie.jpeg 1700w, https:\/\/zsokwidzyn.pl\/wp-content\/uploads\/2021\/09\/Podziekowanie-218x300.jpeg 218w, https:\/\/zsokwidzyn.pl\/wp-content\/uploads\/2021\/09\/Podziekowanie-745x1024.jpeg 745w, https:\/\/zsokwidzyn.pl\/wp-content\/uploads\/2021\/09\/Podziekowanie-768x1056.jpeg 768w, https:\/\/zsokwidzyn.pl\/wp-content\/uploads\/2021\/09\/Podziekowanie-1117x1536.jpeg 1117w, https:\/\/zsokwidzyn.pl\/wp-content\/uploads\/2021\/09\/Podziekowanie-1489x2048.jpeg 1489w\" sizes=\"auto, (max-width: 1700px) 100vw, 1700px\" \/><\/p>\n<p>&nbsp;<\/p>\n<p><img loading=\"lazy\" decoding=\"async\" class=\"alignnone size-full wp-image-5857\" src=\"https:\/\/zsokwidzyn.pl\/wp-content\/uploads\/2021\/09\/Starosta.jpeg\" alt=\"\" width=\"1700\" height=\"2338\" srcset=\"https:\/\/zsokwidzyn.pl\/wp-content\/uploads\/2021\/09\/Starosta.jpeg 1700w, https:\/\/zsokwidzyn.pl\/wp-content\/uploads\/2021\/09\/Starosta-218x300.jpeg 218w, https:\/\/zsokwidzyn.pl\/wp-content\/uploads\/2021\/09\/Starosta-745x1024.jpeg 745w, https:\/\/zsokwidzyn.pl\/wp-content\/uploads\/2021\/09\/Starosta-768x1056.jpeg 768w, https:\/\/zsokwidzyn.pl\/wp-content\/uploads\/2021\/09\/Starosta-1117x1536.jpeg 1117w, https:\/\/zsokwidzyn.pl\/wp-content\/uploads\/2021\/09\/Starosta-1489x2048.jpeg 1489w\" sizes=\"auto, (max-width: 1700px) 100vw, 1700px\" \/><\/p>\n","protected":false},"excerpt":{"rendered":"<div class=\"mh-excerpt\"><p>Szanowni Pa\u0144stwo, Drodzy Uczniowie, Nauczyciele i Pracownicy I Liceum Og\u00f3lnokszta\u0142c\u0105cego im. dr. W\u0142adys\u0142awa G\u0119bika dawnego Polskiego Gimnazjum w Kwidzynie. \u00a0Rozpoczynamy rok szkolny\u00a0 2021\/2022. Po okresie <a class=\"mh-excerpt-more\" href=\"https:\/\/zsokwidzyn.pl\/index.php\/2021\/09\/01\/przemowienie-pani-dyrektor-na-rozpoczecie-roku-szkolnego-2021-2022\/\" title=\"Przem\u00f3wienie Pani Dyrektor na rozpocz\u0119cie roku szkolnego 2021\/2022\">[&#8230;]<\/a><\/p>\n<\/div>","protected":false},"author":1,"featured_media":0,"comment_status":"closed","ping_status":"open","sticky":false,"template":"","format":"standard","meta":{"footnotes":""},"categories":[6,4],"tags":[],"class_list":["post-5855","post","type-post","status-publish","format-standard","hentry","category-ogloszenia","category-wydarzenia"],"_links":{"self":[{"href":"https:\/\/zsokwidzyn.pl\/index.php\/wp-json\/wp\/v2\/posts\/5855","targetHints":{"allow":["GET"]}}],"collection":[{"href":"https:\/\/zsokwidzyn.pl\/index.php\/wp-json\/wp\/v2\/posts"}],"about":[{"href":"https:\/\/zsokwidzyn.pl\/index.php\/wp-json\/wp\/v2\/types\/post"}],"author":[{"embeddable":true,"href":"https:\/\/zsokwidzyn.pl\/index.php\/wp-json\/wp\/v2\/users\/1"}],"replies":[{"embeddable":true,"href":"https:\/\/zsokwidzyn.pl\/index.php\/wp-json\/wp\/v2\/comments?post=5855"}],"version-history":[{"count":2,"href":"https:\/\/zsokwidzyn.pl\/index.php\/wp-json\/wp\/v2\/posts\/5855\/revisions"}],"predecessor-version":[{"id":5859,"href":"https:\/\/zsokwidzyn.pl\/index.php\/wp-json\/wp\/v2\/posts\/5855\/revisions\/5859"}],"wp:attachment":[{"href":"https:\/\/zsokwidzyn.pl\/index.php\/wp-json\/wp\/v2\/media?parent=5855"}],"wp:term":[{"taxonomy":"category","embeddable":true,"href":"https:\/\/zsokwidzyn.pl\/index.php\/wp-json\/wp\/v2\/categories?post=5855"},{"taxonomy":"post_tag","embeddable":true,"href":"https:\/\/zsokwidzyn.pl\/index.php\/wp-json\/wp\/v2\/tags?post=5855"}],"curies":[{"name":"wp","href":"https:\/\/api.w.org\/{rel}","templated":true}]}}